{"id":33,"date":"2011-06-16T16:24:15","date_gmt":"2011-06-16T14:24:15","guid":{"rendered":"https:\/\/pol-in.eu\/?page_id=33"},"modified":"2025-07-08T19:08:47","modified_gmt":"2025-07-08T17:08:47","slug":"archiwum-2011","status":"publish","type":"news","link":"https:\/\/pol-in.eu\/pl\/aktualnosci\/archiwum-2011\/","title":{"rendered":"Archiwum 2011"},"content":{"rendered":"\n<h2 class=\"wp-block-heading\">Januar<\/h2>\n\n<ul class=\"wp-block-list\">\n<li><strong>20.01.11, Donnerstag, 19.00 Uhr<\/strong><br\/>Jahresversammlung f\u00fcr das Jahr 2010<\/li>\n<\/ul>\n\n<h2 class=\"wp-block-heading\">Februar<\/h2>\n\n<ul class=\"wp-block-list\">\n<li><strong>02.02.11, Mittwoch, 19.00 Uhr<\/strong><br\/>Klubtreffen<\/li>\n\n\n\n<li><strong>21.02.11, Montag<\/strong><br\/>Teilnahme an der Sitzung des LandesFrauenRates<\/li>\n<\/ul>\n\n<h2 class=\"wp-block-heading\">M\u00e4rz<\/h2>\n\n<ul class=\"wp-block-list\">\n<li><strong>02.03.11, Mittwoch, 19.00 Uhr<\/strong><br\/>Klubtreffen<\/li>\n\n\n\n<li><strong>03.03.11, Donnerstag, 19.00 Uhr<\/strong><br\/>Vernissage der Ausstellung<br\/>EDMUND GUNSCH &#8211; Retrospektive 50+? <em>Malerei, Grafik, Zeichnungen<\/em> <a title=\"Fotos vorhanden\" href=\"https:\/\/pol-in.eu\/index.php\/fotos-2011.html\">Fotos vorhanden<\/a><br\/>Kuratorin: Agnieszka Bulak<br\/>Dauer der Ausstellung: bis 02.04.11<br\/>Ort: <a href=\"http:\/\/beletage.moebelvox.de\/files\/archiv\/2011\/Gunsch\/gunsch.html\" target=\"_blank\" rel=\"noopener noreferrer\">Galerie Beletage<\/a> bei VOX M\u00f6bel Salon, Genthiner Str. 36<br\/>Mit Unterst\u00fctzung der Botschaft der Republik Polen in Berlin<br\/>In Zusammenarbeit mit der Galerie Beletage<\/li>\n\n\n\n<li><strong>11.03.11, Freitag, 18.00 Uhr<\/strong><br\/>Go West &#8211; Treffen mit interessierten Frauen aus NRW in K\u00f6ln <a title=\"Fotos vorhanden\" href=\"https:\/\/pol-in.eu\/index.php\/fotos-2011.html\">Fotos vorhanden<\/a><br\/>Ort: Abteilung f\u00fcr Promotion, Handel und Investitionen des Generalkonsulats der Republik Polen in K\u00f6ln, An der Alteburger M\u00fchle 6, 50968 K\u00f6ln<br\/><a href=\"https:\/\/pol-in.eu\/files\/fM_k0001\/dokumente\/zaproszenie-marzec2011.pdf\" target=\"_blank\" rel=\"noopener noreferrer\">Einladung pdf (polnisch)<\/a><\/li>\n<\/ul>\n\n<h2 class=\"wp-block-heading\">April<\/h2>\n\n<ul class=\"wp-block-list\">\n<li><strong>01.04.11, Freitag, 16.00-19.00 Uhr<\/strong><br\/>Finissage der Ausstellung<br\/>EDMUND GUNSCH &#8211; Retrospektive 50+? <em>Malerei, Grafik, Zeichnungen<\/em><br\/>Ort: <a href=\"http:\/\/beletage.moebelvox.de\/files\/archiv\/2011\/Gunsch\/gunsch.html\" target=\"_blank\" rel=\"noopener noreferrer\">Galerie Beletage<\/a> bei VOX M\u00f6bel Salon, Genthiner Str. 36<br\/>In Zusammenarbeit mit der Galerie Beletage<\/li>\n\n\n\n<li><strong>13.04.11, Mittwoch, 19.00 Uhr<\/strong><br\/>Klubtreffen<\/li>\n<\/ul>\n\n<h2 class=\"wp-block-heading\">Mai<\/h2>\n\n<ul class=\"wp-block-list\">\n<li><strong>04.05.11, Mittwoch, 19.00 Uhr<\/strong><br\/>Klubtreffen<\/li>\n<\/ul>\n\n<h2 class=\"wp-block-heading\">Juni<\/h2>\n\n<ul class=\"wp-block-list aktuelles\">\n<li><strong>01.06.11, Mittwoch, 19.00 Uhr<\/strong><br\/>Klubtreffen<\/li>\n<\/ul>\n\n<h2 class=\"wp-block-heading\">Juli<\/h2>\n\n<ul class=\"wp-block-list\">\n<li><strong>Sommerpause<\/strong><\/li>\n<\/ul>\n\n<h2 class=\"wp-block-heading\">August<\/h2>\n\n<ul class=\"wp-block-list\">\n<li><strong>03.08.11, Mittwoch, 19.00 Uhr<\/strong><br\/>Klubtreffen<\/li>\n\n\n\n<li><strong>29.08.11, Montag, 18.00 Uhr<\/strong><br\/>Neuwahl des Vorstandes des LandesFrauenRates Berlin e.V.<\/li>\n<\/ul>\n\n<h2 class=\"wp-block-heading\">September<\/h2>\n\n<ul class=\"wp-block-list\">\n<li><strong>01.09.11, Donnerstag, 19.00 Uhr<\/strong><br\/>Klubtreffen (nur f\u00fcr Mitglieder)<\/li>\n\n\n\n<li><strong>07.09.11, Mittwoch, 19.00 Uhr<\/strong><br\/>Klubtreffen<\/li>\n\n\n\n<li><strong>27.09.11, Dienstag, 14.30 Uhr<\/strong><br\/>Konferenz <strong>&#8222;Polin &#8211; Unternehmerin &#8211; Europ\u00e4erin&#8221;<\/strong> <a title=\"Fotos vorhanden\" href=\"https:\/\/pol-in.eu\/index.php\/fotos-2011.html\">Fotos vorhanden<\/a><br\/>Unterst\u00fctzt durch die Abteilung f\u00fcr Handel und Investitionen und die Konsularabteilung der Botschaft der Republik Polen in Berlin, den Bundesbeauftragten f\u00fcr Kultur und Medien, die Stiftung f\u00fcr deutsch-polnische Zusammenarbeit.<br\/>Unter der Schirmherrschaft von Frau Gra\u017cyna Prawda, Ehegattin des Botschafters der Republik Polen in Berlin.<br\/>Anl\u00e4sslich des 10-j\u00e4hrigen Vereinsjubil\u00e4ums.<br\/><a href=\"https:\/\/pol-in.eu\/files\/fM_k0001\/dokumente\/Einladung_Konferenz_27.09.2011.pdf\" target=\"_blank\" rel=\"noopener noreferrer\">Einladung<\/a><br\/>Siehe auch <a href=\"https:\/\/pol-in.eu\/projekte\/projekte-2011\/\" target=\"_blank\" rel=\"noopener noreferrer\">Projekte 2011<\/a><\/li>\n<\/ul>\n\n<h2 class=\"wp-block-heading\">Oktober<\/h2>\n\n<ul class=\"wp-block-list\">\n<li><strong>10.10.11, Montag, 19.00 Uhr<\/strong><br\/>Er\u00f6ffnung der Ausstellung \u2013 <a title=\"Fotos vorhanden\" href=\"https:\/\/pol-in.eu\/index.php\/fotos-2011.html\">Fotos vorhanden<\/a><br\/>Anna Molga, Gaby H\u00f6hne &#8211; <strong>\u201eVoodoo\u201c<\/strong> \u2013 Kunst &amp; Animation<br\/>Beletage Galerie, Genthiner Str. 36, 10785 Berlin<br\/>Laudatio: Agnieszka Bulak, Kunsthistorikerin<br\/>Gef\u00f6rdert vom Bundesbeauftragten f\u00fcr Kultur und Medien<\/li>\n\n\n\n<li><strong>14.10.11, Freitag, 18.00-23.00<\/strong><br\/>&#8222;<strong>Zwischen den St\u00fchlen<\/strong>&#8221; in K\u00f6ln<br\/>Gef\u00f6rdert vom Bundesbeauftragten f\u00fcr Kultur und Medien<\/li>\n\n\n\n<li><strong>21.10.11, Freitag, 16.00 Uhr<\/strong><br\/>Vortrag der Juristin und Mediatorin Anna Royon-Weigelt<br\/>&#8222;<strong>Zweisprachigkeit und berufliche Neuorientierung<\/strong>&#8222;<br\/>Sprachschule Berlinek, Dahlmannstr. 1a, 10629 Berlin<\/li>\n\n\n\n<li><strong>31.10.11, Montag, 18.30 Uhr<\/strong><br\/>Jubil\u00e4umsempfang &#8211; 10 Jahre des Vereins Polnische Frauen in Wirtschaft und Kultur<br\/>&#8222;<strong>Begegnungen<\/strong>&#8221; &#8211; Konzert von Celina Muza &amp; Benedikt Jahnel<br\/>Gr\u00fcner Salon der Volksb\u00fchne am Rosa-Luxemburg-Platz<\/li>\n<\/ul>\n\n<h2 class=\"wp-block-heading\">November<\/h2>\n\n<ul class=\"wp-block-list\">\n<li><strong>09.11.11, Mittwoch, 19.00 Uhr<\/strong><br\/>Klubtreffen<\/li>\n<\/ul>\n\n<h2 class=\"wp-block-heading\">Dezember<\/h2>\n\n<ul class=\"wp-block-list\">\n<li><strong>14.12.11, Mittwoch, 19.00 Uhr<\/strong><br\/>Klubtreffen (nur f\u00fcr Mitglieder)<\/li>\n<\/ul>\n","protected":false},"featured_media":0,"template":"","class_list":["post-33","news","type-news","status-publish","hentry"],"blocksy_meta":[],"yoast_head":"<!-- This site is optimized with the Yoast SEO plugin v26.7 - https:\/\/yoast.com\/wordpress\/plugins\/seo\/ -->\n<title>Archiwum 2011 - Pol-in.eu<\/title>\n<meta name=\"robots\" content=\"index, follow, max-snippet:-1, max-image-preview:large, max-video-preview:-1\" \/>\n<link rel=\"canonical\" href=\"https:\/\/pol-in.eu\/aktualnosci\/archiv-2011\/\" \/>\n<meta property=\"og:locale\" content=\"pl_PL\" \/>\n<meta property=\"og:type\" content=\"article\" \/>\n<meta property=\"og:title\" content=\"Archiwum 2011 - Pol-in.eu\" \/>\n<meta property=\"og:description\" content=\"Januar Februar M\u00e4rz April Mai Juni Juli August September Oktober November Dezember\" \/>\n<meta property=\"og:url\" content=\"https:\/\/pol-in.eu\/aktualnosci\/archiv-2011\/\" \/>\n<meta property=\"og:site_name\" content=\"Pol-in.eu\" \/>\n<meta property=\"article:modified_time\" content=\"2025-07-08T17:08:47+00:00\" \/>\n<meta name=\"twitter:card\" content=\"summary_large_image\" \/>\n<script type=\"application\/ld+json\" class=\"yoast-schema-graph\">{\"@context\":\"https:\/\/schema.org\",\"@graph\":[{\"@type\":\"WebPage\",\"@id\":\"https:\/\/pol-in.eu\/aktualnosci\/archiv-2011\/\",\"url\":\"https:\/\/pol-in.eu\/aktualnosci\/archiv-2011\/\",\"name\":\"Archiwum 2011 - Pol-in.eu\",\"isPartOf\":{\"@id\":\"https:\/\/pol-in.eu\/#website\"},\"datePublished\":\"2011-06-16T14:24:15+00:00\",\"dateModified\":\"2025-07-08T17:08:47+00:00\",\"breadcrumb\":{\"@id\":\"https:\/\/pol-in.eu\/aktualnosci\/archiv-2011\/#breadcrumb\"},\"inLanguage\":\"pl-PL\",\"potentialAction\":[{\"@type\":\"ReadAction\",\"target\":[\"https:\/\/pol-in.eu\/aktualnosci\/archiv-2011\/\"]}]},{\"@type\":\"BreadcrumbList\",\"@id\":\"https:\/\/pol-in.eu\/aktualnosci\/archiv-2011\/#breadcrumb\",\"itemListElement\":[{\"@type\":\"ListItem\",\"position\":1,\"name\":\"Strona g\u0142\u00f3wna\",\"item\":\"https:\/\/pol-in.eu\/pl\/\"},{\"@type\":\"ListItem\",\"position\":2,\"name\":\"Archiwum 2024\",\"item\":\"https:\/\/pol-in.eu\/aktualnosci\/archiv-2024\/\"},{\"@type\":\"ListItem\",\"position\":3,\"name\":\"Archiwum 2011\"}]},{\"@type\":\"WebSite\",\"@id\":\"https:\/\/pol-in.eu\/#website\",\"url\":\"https:\/\/pol-in.eu\/\",\"name\":\"Pol-in.eu\",\"description\":\"Polki w Gospodarce i Kulturze\",\"publisher\":{\"@id\":\"https:\/\/pol-in.eu\/#organization\"},\"potentialAction\":[{\"@type\":\"SearchAction\",\"target\":{\"@type\":\"EntryPoint\",\"urlTemplate\":\"https:\/\/pol-in.eu\/?s={search_term_string}\"},\"query-input\":{\"@type\":\"PropertyValueSpecification\",\"valueRequired\":true,\"valueName\":\"search_term_string\"}}],\"inLanguage\":\"pl-PL\"},{\"@type\":\"Organization\",\"@id\":\"https:\/\/pol-in.eu\/#organization\",\"name\":\"Pol-in.eu\",\"url\":\"https:\/\/pol-in.eu\/\",\"logo\":{\"@type\":\"ImageObject\",\"inLanguage\":\"pl-PL\",\"@id\":\"https:\/\/pol-in.eu\/#\/schema\/logo\/image\/\",\"url\":\"https:\/\/pol-in.eu\/wp-content\/uploads\/2017\/06\/logopolin.jpg\",\"contentUrl\":\"https:\/\/pol-in.eu\/wp-content\/uploads\/2017\/06\/logopolin.jpg\",\"width\":454,\"height\":119,\"caption\":\"Pol-in.eu \"},\"image\":{\"@id\":\"https:\/\/pol-in.eu\/#\/schema\/logo\/image\/\"}}]}<\/script>\n<!-- \/ Yoast SEO plugin. -->","yoast_head_json":{"title":"Archiwum 2011 - Pol-in.eu","robots":{"index":"index","follow":"follow","max-snippet":"max-snippet:-1","max-image-preview":"max-image-preview:large","max-video-preview":"max-video-preview:-1"},"canonical":"https:\/\/pol-in.eu\/aktualnosci\/archiv-2011\/","og_locale":"pl_PL","og_type":"article","og_title":"Archiwum 2011 - Pol-in.eu","og_description":"Januar Februar M\u00e4rz April Mai Juni Juli August September Oktober November Dezember","og_url":"https:\/\/pol-in.eu\/aktualnosci\/archiv-2011\/","og_site_name":"Pol-in.eu","article_modified_time":"2025-07-08T17:08:47+00:00","twitter_card":"summary_large_image","schema":{"@context":"https:\/\/schema.org","@graph":[{"@type":"WebPage","@id":"https:\/\/pol-in.eu\/aktualnosci\/archiv-2011\/","url":"https:\/\/pol-in.eu\/aktualnosci\/archiv-2011\/","name":"Archiwum 2011 - Pol-in.eu","isPartOf":{"@id":"https:\/\/pol-in.eu\/#website"},"datePublished":"2011-06-16T14:24:15+00:00","dateModified":"2025-07-08T17:08:47+00:00","breadcrumb":{"@id":"https:\/\/pol-in.eu\/aktualnosci\/archiv-2011\/#breadcrumb"},"inLanguage":"pl-PL","potentialAction":[{"@type":"ReadAction","target":["https:\/\/pol-in.eu\/aktualnosci\/archiv-2011\/"]}]},{"@type":"BreadcrumbList","@id":"https:\/\/pol-in.eu\/aktualnosci\/archiv-2011\/#breadcrumb","itemListElement":[{"@type":"ListItem","position":1,"name":"Strona g\u0142\u00f3wna","item":"https:\/\/pol-in.eu\/pl\/"},{"@type":"ListItem","position":2,"name":"Archiwum 2024","item":"https:\/\/pol-in.eu\/aktualnosci\/archiv-2024\/"},{"@type":"ListItem","position":3,"name":"Archiwum 2011"}]},{"@type":"WebSite","@id":"https:\/\/pol-in.eu\/#website","url":"https:\/\/pol-in.eu\/","name":"Pol-in.eu","description":"Polki w Gospodarce i Kulturze","publisher":{"@id":"https:\/\/pol-in.eu\/#organization"},"potentialAction":[{"@type":"SearchAction","target":{"@type":"EntryPoint","urlTemplate":"https:\/\/pol-in.eu\/?s={search_term_string}"},"query-input":{"@type":"PropertyValueSpecification","valueRequired":true,"valueName":"search_term_string"}}],"inLanguage":"pl-PL"},{"@type":"Organization","@id":"https:\/\/pol-in.eu\/#organization","name":"Pol-in.eu","url":"https:\/\/pol-in.eu\/","logo":{"@type":"ImageObject","inLanguage":"pl-PL","@id":"https:\/\/pol-in.eu\/#\/schema\/logo\/image\/","url":"https:\/\/pol-in.eu\/wp-content\/uploads\/2017\/06\/logopolin.jpg","contentUrl":"https:\/\/pol-in.eu\/wp-content\/uploads\/2017\/06\/logopolin.jpg","width":454,"height":119,"caption":"Pol-in.eu "},"image":{"@id":"https:\/\/pol-in.eu\/#\/schema\/logo\/image\/"}}]}},"_links":{"self":[{"href":"https:\/\/pol-in.eu\/pl\/wp-json\/wp\/v2\/news\/33","targetHints":{"allow":["GET"]}}],"collection":[{"href":"https:\/\/pol-in.eu\/pl\/wp-json\/wp\/v2\/news"}],"about":[{"href":"https:\/\/pol-in.eu\/pl\/wp-json\/wp\/v2\/types\/news"}],"wp:attachment":[{"href":"https:\/\/pol-in.eu\/pl\/wp-json\/wp\/v2\/media?parent=33"}],"curies":[{"name":"wp","href":"https:\/\/api.w.org\/{rel}","templated":true}]}}