{"id":43,"date":"2016-06-16T16:28:38","date_gmt":"2016-06-16T14:28:38","guid":{"rendered":"https:\/\/pol-in.eu\/?page_id=43"},"modified":"2025-07-08T19:09:58","modified_gmt":"2025-07-08T17:09:58","slug":"archiwum-2016","status":"publish","type":"news","link":"https:\/\/pol-in.eu\/pl\/aktualnosci\/archiwum-2016\/","title":{"rendered":"Archiwum 2016"},"content":{"rendered":"\n<h2 class=\"wp-block-heading\">Z ostatniej chwili&#8230;<\/h2>\n\n\n\n<p>IV Mi\u0119dzynarodowy Konkurs Literacki \u201eM\u0142odzie\u017c pisze wiersze\u201d<\/p>\n\n\n\n<p>IV Mi\u0119dzynarodowy Konkurs Literacki \u201eM\u0142odzie\u017c pisze wiersze\u201d zako\u0144czy\u0142y\u015bmy uroczyst\u0105 prezentacj\u0105 laureat\u00f3w, kt\u00f3ra odby\u0142a si\u0119 26 listopada o godz. 17.00 w Werkstatt der Kulturen w Berlinie. O prezentacji informowa\u0142a dziennikarka Marta Kupiec w radiu Funkhaus Europa:<\/p>\n\n\n\n<p><a href=\"http:\/\/www1.wdr.de\/radio\/funkhauseuropa\/programm\/sendungen\/radio-po-polsku\/kultura\/mlodziez-pisze-wiersze-100.html\" target=\"_blank\" rel=\"noopener noreferrer\">www.wdr.de\/radio<\/a><\/p>\n\n\n\n<p>Zdj\u0119cia z pobytu laureat\u00f3w mo\u017cna obejrze\u0107 tutaj:<\/p>\n\n\n\n<p><a href=\"https:\/\/www.facebook.com\/249099665135888\/photos\/?tab=album&amp;album_id=1187543161291529\" target=\"_blank\" rel=\"noopener noreferrer\">www.facebook.com<\/a><\/p>\n\n\n\n<p>Oto zwyci\u0119zcy tegorocznego konkursu:<\/p>\n\n\n\n<p><a href=\"https:\/\/pol-in.eu\/files\/fM_k0001\/dokumente\/Werdykt_jury_mlodziez-pisze-wiersze_2016.pdf\" target=\"_blank\" rel=\"noopener noreferrer\">PDF<\/a> (Werdykt jury po polsku)<\/p>\n\n\n\n<p>Gratulujemy!<\/p>\n\n\n\n<h2 class=\"wp-block-heading\">Stycze\u0144<\/h2>\n\n\n\n<ul class=\"wp-block-list\">\n<li><strong>15.01.16, pi\u0105tek, 19.00<\/strong><br>Spotkanie klubowe w Berlinie<\/li>\n\n\n\n<li><strong>28.01.16, czwartek, 19.00<\/strong><br>Spotkanie klubowe w Hamburgu<\/li>\n<\/ul>\n\n\n\n<h2 class=\"wp-block-heading\">Luty<\/h2>\n\n\n\n<ul class=\"wp-block-list\">\n<li><strong>24.02.16, \u015broda, 19.00<\/strong><br>Walne zgromadzenie Stowarzyszenia za rok 2015<\/li>\n<\/ul>\n\n\n\n<h2 class=\"wp-block-heading\">Marzec<\/h2>\n\n\n\n<ul class=\"wp-block-list\">\n<li><strong>05.03.16, sobota, 20.00<br>gestern &amp; heute<\/strong><br>Spotkania z piosenk\u0105 aktorsk\u0105 i poezj\u0105 \u015bpiewan\u0105<br>Celina Muza &amp; Susanne Folk Trio<br>\u201eNon omnis moriar\u201d &#8211; nowe kompozycje do wierszy Maschy Kal\u00e9ko, Lili Gr\u00fcn i Zuzanny Ginczanki<br>Gr\u00fcner Salon der Volksb\u00fchne am Rosa-Luxemburg-Platz (U2), Berlin<\/li>\n\n\n\n<li><strong>11.03.16, pi\u0105tek, 18.00<\/strong><br>Spotkanie klubowe w Kolonii, WPHI Konsulat Generalny w Kolonii<\/li>\n\n\n\n<li><strong>17.03.16, czwartek, 17.00<\/strong><br>Spotkanie klubowe w Hamburgu<br>Hamburger Bridge Center, Hamburger Stra\u00dfe 213, 22083 Hamburg<\/li>\n<\/ul>\n\n\n\n<h2 class=\"wp-block-heading\">Kwiecie\u0144<\/h2>\n\n\n\n<ul class=\"wp-block-list\">\n<li><strong>06.04.16, \u015broda, 19.00<\/strong><br>Spotkanie klubowe w Berlinie<\/li>\n\n\n\n<li><strong>14.04.16, czwartek, 17.00<\/strong><br>Spotkanie klubowe w Hamburgu<br>Hamburger Bridge Center, Hamburger Str. 213, 22083 Hamburg<\/li>\n<\/ul>\n\n\n\n<h2 class=\"wp-block-heading\">Maj<\/h2>\n\n\n\n<ul class=\"wp-block-list\">\n<li><strong>11.05.16, \u015broda, 19.00<\/strong><br>Spotkanie klubowe w Berlinie<\/li>\n\n\n\n<li><strong>12.05.16, czwartek, 20.00<\/strong><br>Spotkanie klubowe w Kolonii<\/li>\n<\/ul>\n\n\n\n<h2 class=\"wp-block-heading\">Czerwiec<\/h2>\n\n\n\n<ul class=\"wp-block-list\">\n<li><strong>03.-05.06.16, pi\u0105tek-niedziela<\/strong><br>Wsp\u00f3lne spotkanie klubowe w Hamburgu<\/li>\n\n\n\n<li><strong>08.06.16, \u015broda, 20.00<\/strong><br><strong>gestern &amp; heute<\/strong><br>Spotkania z piosenk\u0105 aktorsk\u0105 i poezj\u0105 \u015bpiewan\u0105<br><strong>\u201eRecital \u2013 Lieder von Edith Piaf, Eva Cassidy, Anna Jantar und anderen gro\u00dfartigen K\u00fcnstlerinnen, die viel zu fr\u00fch verstorben sind\u201d \u2013 Katarzyna Jamr\u00f3z &amp; Hadrian Filip Tab\u0119cki<\/strong><br>Gr\u00fcner Salon der Volksb\u00fchne am Rosa-Luxemburg-Platz (U2), Berlin<br>Zobacz tak\u017ce <a title=\"Projekty\" href=\"https:\/\/pol-in.eu\/pl\/projekty\/projekty-2016\/\" target=\"_blank\" rel=\"noopener noreferrer\">Projekty<\/a><br>Zobacz zdj\u0119cia na <a href=\"https:\/\/www.facebook.com\/media\/set\/?set=a.1077187888993724.1073741890.249099665135888&amp;type=3\" target=\"_blank\" rel=\"noopener noreferrer\">Facebooku<\/a><\/li>\n<\/ul>\n\n\n\n<h2 class=\"wp-block-heading\">Lipiec<\/h2>\n\n\n\n<ul class=\"wp-block-list\">\n<li><strong>Wakacje<\/strong><\/li>\n<\/ul>\n\n\n\n<h2 class=\"wp-block-heading\">Sierpie\u0144<\/h2>\n\n\n\n<ul class=\"wp-block-list\">\n<li><strong>Wakacje<\/strong><\/li>\n\n\n\n<li><strong>26.08.16, pi\u0105tek, 17.00-21.30<\/strong><br><strong>imPuLsy \u2013 Networking-Piknik przedsi\u0119biorczych kobiet<\/strong><br>WPHI K\u00f6ln, An der Altenburger M\u00fchle 6, 50968 K\u00f6ln<br>Zameldowanie: info.koeln@trade.gov.pl<br>Moderacja: Alicja Kocik<br><a href=\"https:\/\/pol-in.eu\/files\/fM_k0001\/dokumente\/zaproszeniePOLin_26-08-2016.pdf\" target=\"_blank\" rel=\"noopener noreferrer\">Zaproszenie<\/a><\/li>\n<\/ul>\n\n\n\n<h2 class=\"wp-block-heading\">Wrzesie\u0144<\/h2>\n\n\n\n<ul class=\"wp-block-list\">\n<li><strong>10.09.16, sobota, 17.00 <\/strong><br>Spotkanie klubowe w 13435 Berlin, Maarer Str. 48<\/li>\n<\/ul>\n\n\n\n<h2 class=\"wp-block-heading\">Pa\u017adziernik<\/h2>\n\n\n\n<h2 class=\"wp-block-heading\">Listopad<\/h2>\n\n\n\n<ul class=\"wp-block-list\">\n<li><strong>04.11.16, pi\u0105tek, 18.00<\/strong><br>Spotkanie klubowe w Kolonii<\/li>\n\n\n\n<li><strong>09.11.16, \u015broda, 19.00<\/strong><br>Spotkanie klubowe w Berlinie<\/li>\n\n\n\n<li><strong>23.11.16, \u015broda, 18.45<\/strong><br>Spotkanie klubowe w Hamburgu<\/li>\n\n\n\n<li><strong>26.11.16, sobota, 17.00<\/strong><br>Prezentacja laureat\u00f3w: IV Mi\u0119dzynarodowy Konkurs Literacki &#8222;M\u0142odzie\u017c pisze wiersze&#8221;<br>Werkstatt der Kulturen, Wissmannstr. 32, 12049 Berlin<br>Zobacz tak\u017ce <a title=\"Projekty\" href=\"https:\/\/pol-in.eu\/pl\/projekty\/projekty-2016\/\" target=\"_blank\" rel=\"noopener noreferrer\">Projekty<\/a><\/li>\n<\/ul>\n\n\n\n<h2 class=\"wp-block-heading\">Grudzie\u0144<\/h2>\n\n\n\n<ul class=\"wp-block-list\">\n<li><strong>07.12.16, \u015broda, 19.00<\/strong><br>Spotkanie klubowe w Berlinie<\/li>\n<\/ul>\n","protected":false},"featured_media":0,"template":"","class_list":["post-43","news","type-news","status-publish","hentry"],"blocksy_meta":[],"yoast_head":"<!-- This site is optimized with the Yoast SEO plugin v26.7 - https:\/\/yoast.com\/wordpress\/plugins\/seo\/ -->\n<title>Archiwum 2016 - Pol-in.eu<\/title>\n<meta name=\"robots\" content=\"index, follow, max-snippet:-1, max-image-preview:large, max-video-preview:-1\" \/>\n<link rel=\"canonical\" href=\"https:\/\/pol-in.eu\/aktualnosci\/archiv-2016\/\" \/>\n<meta property=\"og:locale\" content=\"pl_PL\" \/>\n<meta property=\"og:type\" content=\"article\" \/>\n<meta property=\"og:title\" content=\"Archiwum 2016 - Pol-in.eu\" \/>\n<meta property=\"og:description\" content=\"Z ostatniej chwili&#8230; IV Mi\u0119dzynarodowy Konkurs Literacki \u201eM\u0142odzie\u017c pisze wiersze\u201d IV Mi\u0119dzynarodowy Konkurs Literacki \u201eM\u0142odzie\u017c pisze wiersze\u201d zako\u0144czy\u0142y\u015bmy uroczyst\u0105 prezentacj\u0105 laureat\u00f3w, kt\u00f3ra odby\u0142a si\u0119 26 listopada o godz. 17.00 w Werkstatt der Kulturen w Berlinie. O prezentacji informowa\u0142a dziennikarka Marta Kupiec w radiu Funkhaus Europa: www.wdr.de\/radio Zdj\u0119cia z pobytu laureat\u00f3w mo\u017cna obejrze\u0107 tutaj: www.facebook.com Oto [&hellip;]\" \/>\n<meta property=\"og:url\" content=\"https:\/\/pol-in.eu\/aktualnosci\/archiv-2016\/\" \/>\n<meta property=\"og:site_name\" content=\"Pol-in.eu\" \/>\n<meta property=\"article:modified_time\" content=\"2025-07-08T17:09:58+00:00\" \/>\n<meta name=\"twitter:card\" content=\"summary_large_image\" \/>\n<script type=\"application\/ld+json\" class=\"yoast-schema-graph\">{\"@context\":\"https:\/\/schema.org\",\"@graph\":[{\"@type\":\"WebPage\",\"@id\":\"https:\/\/pol-in.eu\/aktualnosci\/archiv-2016\/\",\"url\":\"https:\/\/pol-in.eu\/aktualnosci\/archiv-2016\/\",\"name\":\"Archiwum 2016 - Pol-in.eu\",\"isPartOf\":{\"@id\":\"https:\/\/pol-in.eu\/#website\"},\"datePublished\":\"2016-06-16T14:28:38+00:00\",\"dateModified\":\"2025-07-08T17:09:58+00:00\",\"breadcrumb\":{\"@id\":\"https:\/\/pol-in.eu\/aktualnosci\/archiv-2016\/#breadcrumb\"},\"inLanguage\":\"pl-PL\",\"potentialAction\":[{\"@type\":\"ReadAction\",\"target\":[\"https:\/\/pol-in.eu\/aktualnosci\/archiv-2016\/\"]}]},{\"@type\":\"BreadcrumbList\",\"@id\":\"https:\/\/pol-in.eu\/aktualnosci\/archiv-2016\/#breadcrumb\",\"itemListElement\":[{\"@type\":\"ListItem\",\"position\":1,\"name\":\"Strona g\u0142\u00f3wna\",\"item\":\"https:\/\/pol-in.eu\/pl\/\"},{\"@type\":\"ListItem\",\"position\":2,\"name\":\"Archiwum 2024\",\"item\":\"https:\/\/pol-in.eu\/aktualnosci\/archiv-2024\/\"},{\"@type\":\"ListItem\",\"position\":3,\"name\":\"Archiwum 2016\"}]},{\"@type\":\"WebSite\",\"@id\":\"https:\/\/pol-in.eu\/#website\",\"url\":\"https:\/\/pol-in.eu\/\",\"name\":\"Pol-in.eu\",\"description\":\"Polki w Gospodarce i Kulturze\",\"publisher\":{\"@id\":\"https:\/\/pol-in.eu\/#organization\"},\"potentialAction\":[{\"@type\":\"SearchAction\",\"target\":{\"@type\":\"EntryPoint\",\"urlTemplate\":\"https:\/\/pol-in.eu\/?s={search_term_string}\"},\"query-input\":{\"@type\":\"PropertyValueSpecification\",\"valueRequired\":true,\"valueName\":\"search_term_string\"}}],\"inLanguage\":\"pl-PL\"},{\"@type\":\"Organization\",\"@id\":\"https:\/\/pol-in.eu\/#organization\",\"name\":\"Pol-in.eu\",\"url\":\"https:\/\/pol-in.eu\/\",\"logo\":{\"@type\":\"ImageObject\",\"inLanguage\":\"pl-PL\",\"@id\":\"https:\/\/pol-in.eu\/#\/schema\/logo\/image\/\",\"url\":\"https:\/\/pol-in.eu\/wp-content\/uploads\/2017\/06\/logopolin.jpg\",\"contentUrl\":\"https:\/\/pol-in.eu\/wp-content\/uploads\/2017\/06\/logopolin.jpg\",\"width\":454,\"height\":119,\"caption\":\"Pol-in.eu \"},\"image\":{\"@id\":\"https:\/\/pol-in.eu\/#\/schema\/logo\/image\/\"}}]}<\/script>\n<!-- \/ Yoast SEO plugin. -->","yoast_head_json":{"title":"Archiwum 2016 - Pol-in.eu","robots":{"index":"index","follow":"follow","max-snippet":"max-snippet:-1","max-image-preview":"max-image-preview:large","max-video-preview":"max-video-preview:-1"},"canonical":"https:\/\/pol-in.eu\/aktualnosci\/archiv-2016\/","og_locale":"pl_PL","og_type":"article","og_title":"Archiwum 2016 - Pol-in.eu","og_description":"Z ostatniej chwili&#8230; IV Mi\u0119dzynarodowy Konkurs Literacki \u201eM\u0142odzie\u017c pisze wiersze\u201d IV Mi\u0119dzynarodowy Konkurs Literacki \u201eM\u0142odzie\u017c pisze wiersze\u201d zako\u0144czy\u0142y\u015bmy uroczyst\u0105 prezentacj\u0105 laureat\u00f3w, kt\u00f3ra odby\u0142a si\u0119 26 listopada o godz. 17.00 w Werkstatt der Kulturen w Berlinie. O prezentacji informowa\u0142a dziennikarka Marta Kupiec w radiu Funkhaus Europa: www.wdr.de\/radio Zdj\u0119cia z pobytu laureat\u00f3w mo\u017cna obejrze\u0107 tutaj: www.facebook.com Oto [&hellip;]","og_url":"https:\/\/pol-in.eu\/aktualnosci\/archiv-2016\/","og_site_name":"Pol-in.eu","article_modified_time":"2025-07-08T17:09:58+00:00","twitter_card":"summary_large_image","schema":{"@context":"https:\/\/schema.org","@graph":[{"@type":"WebPage","@id":"https:\/\/pol-in.eu\/aktualnosci\/archiv-2016\/","url":"https:\/\/pol-in.eu\/aktualnosci\/archiv-2016\/","name":"Archiwum 2016 - Pol-in.eu","isPartOf":{"@id":"https:\/\/pol-in.eu\/#website"},"datePublished":"2016-06-16T14:28:38+00:00","dateModified":"2025-07-08T17:09:58+00:00","breadcrumb":{"@id":"https:\/\/pol-in.eu\/aktualnosci\/archiv-2016\/#breadcrumb"},"inLanguage":"pl-PL","potentialAction":[{"@type":"ReadAction","target":["https:\/\/pol-in.eu\/aktualnosci\/archiv-2016\/"]}]},{"@type":"BreadcrumbList","@id":"https:\/\/pol-in.eu\/aktualnosci\/archiv-2016\/#breadcrumb","itemListElement":[{"@type":"ListItem","position":1,"name":"Strona g\u0142\u00f3wna","item":"https:\/\/pol-in.eu\/pl\/"},{"@type":"ListItem","position":2,"name":"Archiwum 2024","item":"https:\/\/pol-in.eu\/aktualnosci\/archiv-2024\/"},{"@type":"ListItem","position":3,"name":"Archiwum 2016"}]},{"@type":"WebSite","@id":"https:\/\/pol-in.eu\/#website","url":"https:\/\/pol-in.eu\/","name":"Pol-in.eu","description":"Polki w Gospodarce i Kulturze","publisher":{"@id":"https:\/\/pol-in.eu\/#organization"},"potentialAction":[{"@type":"SearchAction","target":{"@type":"EntryPoint","urlTemplate":"https:\/\/pol-in.eu\/?s={search_term_string}"},"query-input":{"@type":"PropertyValueSpecification","valueRequired":true,"valueName":"search_term_string"}}],"inLanguage":"pl-PL"},{"@type":"Organization","@id":"https:\/\/pol-in.eu\/#organization","name":"Pol-in.eu","url":"https:\/\/pol-in.eu\/","logo":{"@type":"ImageObject","inLanguage":"pl-PL","@id":"https:\/\/pol-in.eu\/#\/schema\/logo\/image\/","url":"https:\/\/pol-in.eu\/wp-content\/uploads\/2017\/06\/logopolin.jpg","contentUrl":"https:\/\/pol-in.eu\/wp-content\/uploads\/2017\/06\/logopolin.jpg","width":454,"height":119,"caption":"Pol-in.eu "},"image":{"@id":"https:\/\/pol-in.eu\/#\/schema\/logo\/image\/"}}]}},"_links":{"self":[{"href":"https:\/\/pol-in.eu\/pl\/wp-json\/wp\/v2\/news\/43","targetHints":{"allow":["GET"]}}],"collection":[{"href":"https:\/\/pol-in.eu\/pl\/wp-json\/wp\/v2\/news"}],"about":[{"href":"https:\/\/pol-in.eu\/pl\/wp-json\/wp\/v2\/types\/news"}],"wp:attachment":[{"href":"https:\/\/pol-in.eu\/pl\/wp-json\/wp\/v2\/media?parent=43"}],"curies":[{"name":"wp","href":"https:\/\/api.w.org\/{rel}","templated":true}]}}